{"id":464,"date":"2023-01-12T01:08:04","date_gmt":"2023-01-12T01:08:04","guid":{"rendered":"https:\/\/radioesotericadelaplata.com\/?p=464"},"modified":"2023-01-12T01:08:04","modified_gmt":"2023-01-12T01:08:04","slug":"856-fue-la-migracion-irregular-por-el-darien-en-el-2022","status":"publish","type":"post","link":"https:\/\/radioesotericadelaplata.com\/index.php\/2023\/01\/12\/856-fue-la-migracion-irregular-por-el-darien-en-el-2022\/","title":{"rendered":"85,6% fue la migraci\u00f3n irregular por el Dari\u00e9n\u00a0en\u00a0el\u00a02022"},"content":{"rendered":"\n<p>El paso de migrantes irregulares&nbsp;<strong>por la selva del Dari\u00e9n,<\/strong>&nbsp;la peligrosa frontera natural entre Panam\u00e1 y Colombia, creci\u00f3 un 85,6 % en 2022, en comparaci\u00f3n con el a\u00f1o anterior,&nbsp;<strong>para llegar a la cifra hist\u00f3rica de 248.284<\/strong>, seg\u00fan datos del Gobierno paname\u00f1o.<\/p>\n\n\n\n<p>La mayor\u00eda de los migrantes que cruzaron la selva en su camino hacia Norteam\u00e9rica proceden de pa\u00edses de Am\u00e9rica del Sur, siendo&nbsp;<strong>Venezuela la nacionalidad predominante con 150.327 viajeros,<\/strong>&nbsp;seguida de&nbsp;<strong>Ecuador con 29.356<\/strong>; Hait\u00ed con 22.435; Cuba con 5.961 y Colombia con 5.064, de acuerdo con las estad\u00edsticas publicadas este martes por el Servicio Nacional de Migraci\u00f3n (SNM).&nbsp;<\/p>\n\n\n\n<p>Estas estad\u00edsticas muestran que por esta v\u00eda irregular pasan migrantes de m\u00e1s de&nbsp;<strong>35 pa\u00edses de todo el mundo<\/strong>, entre ellos muchos asi\u00e1ticos y africanos.<\/p>\n\n\n\n<p>El mes con mayor registro de&nbsp;<strong>migrantes fue octubre con la entrada de 59.773 personas,<\/strong>&nbsp;tras cuatro meses seguidos de aumento escalonado de llegadas.&nbsp;<\/p>\n\n\n\n<p><strong>Despu\u00e9s de que Estados Unidos aplicara a mediados de octubre pasado una nueva pol\u00edtica migratoria para los venezolanos,<\/strong>&nbsp;que supon\u00eda un estatus legal a quienes llegaran por aire y con un patrocinador en ese pa\u00eds y exclu\u00eda a quienes entraban por tierra, las cifras se desplomaron, al cruzar 16.632 personas en noviembre (solo 668 venezolanos).<\/p>\n\n\n\n<p><strong>En diciembre hubo un leve repunte con un total de 20.297 cruces,&nbsp;<\/strong>la gran mayor\u00eda ecuatorianos (7.821), seguidos de haitianos (5.502) y venezolanos (1.374).<\/p>\n\n\n\n<h2 class=\"wp-block-heading\" id=\"h-unos-3-800-migrantes-cruzaron-en-2023-y-detectan-brasilenos\">UNOS 3.800 MIGRANTES CRUZARON EN 2023 Y DETECTAN BRASILE\u00d1OS<\/h2>\n\n\n\n<p>El ministro de Seguridad de Panam\u00e1, Juan Manuel Pino,&nbsp;<strong>asegur\u00f3 que en estos primeros d\u00edas del 2023 \u201ccasi 3.800 migrantes\u201d atravesaron la mortal selva del Dari\u00e9n.<\/strong><\/p>\n\n\n\n<p>Las nacionalidades que&nbsp;<strong>repuntan ahora son \u201cHait\u00ed, Ecuador y Brasil\u201d<\/strong>, dijo Pino, que valor\u00f3 que \u201cl\u00f3gicamente\u201d y como ya se \u201cha dicho antes, la migraci\u00f3n no va a parar y m\u00e1s cuando se ve estos cambios y problemas de seguridad, social, pol\u00edticos y gobernabilidad en algunos pa\u00edses del Sur\u201d.&nbsp;<\/p>\n\n\n\n<p><strong>\u201cLas personas migran por naturaleza y Panam\u00e1 solo es un pa\u00eds de tr\u00e1nsito.&nbsp;<\/strong>Vamos a resguardar nuestras fronteras, poner unidades del Servicio Nacional de Fronteras (Senafront) en estos puntos de cruce, verificar a todo el que entre, porque Panam\u00e1 es el \u00fanico pa\u00eds que hace ese tipo de verificaci\u00f3n\u201d, apunt\u00f3 el ministro.<\/p>\n\n\n\n<p>\u201cEso nos toca hacer,&nbsp;<strong>ser responsable en este tema en cuanto a seguridad y car\u00e1cter humanitario\u201d<\/strong>, concluy\u00f3 el l\u00edder de la cartera de seguridad.<\/p>\n\n\n\n<p>Panam\u00e1 ha dicho que ha invertido al&nbsp;<strong>menos 50 millones de d\u00f3lares desde 2020&nbsp;<\/strong>en el operativo que desarrolla en las fronteras para tomar datos biom\u00e9tricos y ofrecer asistencia sanitaria y de alimentaci\u00f3n a los migrantes en tr\u00e1nsito.<\/p>\n\n\n\n<p><strong>Ante la crisis migratoria hist\u00f3rica del 2022<\/strong>, Panam\u00e1 se vio obligado a solicitar ayuda a Estados Unidos y la comunidad internacional y a reiterar su pedido de que este fen\u00f3meno fuera abordado desde una perspectiva regional.<\/p>\n\n\n\n<p>\u201cPanam\u00e1 es un pa\u00eds con pocos recursos y estamos apoyando con el regreso de venezolanos a su pa\u00eds. Solo en este a\u00f1o han pasado por&nbsp;<strong>Dari\u00e9n 206.000 migrantes, 170.000 de ellos venezolanos. Necesitamos apoyo de Estados Unidos\u201d<\/strong>, dijo en octubre pasado el presidente paname\u00f1o, Laurentino Cortizo, durante un encuentro con congresistas estadounidenses.(I)<\/p>\n","protected":false},"excerpt":{"rendered":"<p>El paso de migrantes irregulares&nbsp;por la selva del Dari\u00e9n,&nbsp;la peligrosa frontera natural entre Panam\u00e1 y Colombia, creci\u00f3 un 85,6 %&#8230;<\/p>\n","protected":false},"author":1,"featured_media":465,"comment_status":"open","ping_status":"open","sticky":false,"template":"","format":"standard","meta":{"_acf_changed":false,"footnotes":""},"categories":[29],"tags":[],"class_list":["post-464","post","type-post","status-publish","format-standard","has-post-thumbnail","hentry","category-noticias"],"acf":[],"_links":{"self":[{"href":"https:\/\/radioesotericadelaplata.com\/index.php\/wp-json\/wp\/v2\/posts\/464","targetHints":{"allow":["GET"]}}],"collection":[{"href":"https:\/\/radioesotericadelaplata.com\/index.php\/wp-json\/wp\/v2\/posts"}],"about":[{"href":"https:\/\/radioesotericadelaplata.com\/index.php\/wp-json\/wp\/v2\/types\/post"}],"author":[{"embeddable":true,"href":"https:\/\/radioesotericadelaplata.com\/index.php\/wp-json\/wp\/v2\/users\/1"}],"replies":[{"embeddable":true,"href":"https:\/\/radioesotericadelaplata.com\/index.php\/wp-json\/wp\/v2\/comments?post=464"}],"version-history":[{"count":1,"href":"https:\/\/radioesotericadelaplata.com\/index.php\/wp-json\/wp\/v2\/posts\/464\/revisions"}],"predecessor-version":[{"id":466,"href":"https:\/\/radioesotericadelaplata.com\/index.php\/wp-json\/wp\/v2\/posts\/464\/revisions\/466"}],"wp:featuredmedia":[{"embeddable":true,"href":"https:\/\/radioesotericadelaplata.com\/index.php\/wp-json\/wp\/v2\/media\/465"}],"wp:attachment":[{"href":"https:\/\/radioesotericadelaplata.com\/index.php\/wp-json\/wp\/v2\/media?parent=464"}],"wp:term":[{"taxonomy":"category","embeddable":true,"href":"https:\/\/radioesotericadelaplata.com\/index.php\/wp-json\/wp\/v2\/categories?post=464"},{"taxonomy":"post_tag","embeddable":true,"href":"https:\/\/radioesotericadelaplata.com\/index.php\/wp-json\/wp\/v2\/tags?post=464"}],"curies":[{"name":"wp","href":"https:\/\/api.w.org\/{rel}","templated":true}]}}